{"id":5591,"date":"2025-07-11T13:38:33","date_gmt":"2025-07-11T16:38:33","guid":{"rendered":"https:\/\/restaurantdelamente.com\/portal\/?p=5591"},"modified":"2025-07-11T13:38:35","modified_gmt":"2025-07-11T16:38:35","slug":"stephen-king-it-welcome-to-derry-tiene-fecha-de-estreno","status":"publish","type":"post","link":"https:\/\/restaurantdelamente.com\/portal\/2025\/07\/11\/stephen-king-it-welcome-to-derry-tiene-fecha-de-estreno\/","title":{"rendered":"\u00a1IT &#8211; WELCOME TO DERRY tiene fecha de estreno!"},"content":{"rendered":"\n<p><em>\u00abTodos los caminos conducen a Derry. Primera parada: la Comic-Con de San Diego\u00bb<\/em>.<\/p>\n\n\n\n<p>Tal como todas las distribuidoras y servicios de streaming, HBO tambi\u00e9n promete ir con todo a la nueva edici\u00f3n de la Comic-Con de San Diego que tendr\u00e1 lugar la pr\u00f3xima semana, y hoy la cuenta oficial comparti\u00f3 un p\u00f3ster y anunci\u00f3 cu\u00e1ndo se estrenar\u00e1 por HBO MAX.<\/p>\n\n\n\n<figure class=\"wp-block-image size-large\"><img loading=\"lazy\" decoding=\"async\" width=\"819\" height=\"1024\" src=\"https:\/\/restaurantdelamente.com\/portal\/wp-content\/uploads\/2025\/07\/519514774_950328034380617_6502228615621108110_n-819x1024.jpg\" alt=\"\" class=\"wp-image-5592\" srcset=\"https:\/\/restaurantdelamente.com\/portal\/wp-content\/uploads\/2025\/07\/519514774_950328034380617_6502228615621108110_n-819x1024.jpg 819w, https:\/\/restaurantdelamente.com\/portal\/wp-content\/uploads\/2025\/07\/519514774_950328034380617_6502228615621108110_n-240x300.jpg 240w, https:\/\/restaurantdelamente.com\/portal\/wp-content\/uploads\/2025\/07\/519514774_950328034380617_6502228615621108110_n-768x960.jpg 768w, https:\/\/restaurantdelamente.com\/portal\/wp-content\/uploads\/2025\/07\/519514774_950328034380617_6502228615621108110_n-1229x1536.jpg 1229w, https:\/\/restaurantdelamente.com\/portal\/wp-content\/uploads\/2025\/07\/519514774_950328034380617_6502228615621108110_n.jpg 1638w\" sizes=\"auto, (max-width: 819px) 100vw, 819px\" \/><\/figure>\n\n\n\n<p>La serie, que consta de 9 episodios, se estrenar\u00e1 en octubre, y podr\u00e1 verse semana a semana a trav\u00e9s de HBO MAX. Varios de los episodios est\u00e1n dirigidos por Andy Muschietti, quien junto a B\u00e1rbara actuaron como productores.<\/p>\n\n\n\n<p><\/p>\n","protected":false},"excerpt":{"rendered":"<p>\u00abTodos los caminos conducen a Derry. Primera parada: la Comic-Con de San Diego\u00bb. Tal como todas las distribuidoras y servicios de streaming, HBO tambi\u00e9n promete ir con todo a la nueva edici\u00f3n de la Comic-Con de San Diego que tendr\u00e1 lugar la pr\u00f3xima semana, y hoy la cuenta oficial comparti\u00f3 un p\u00f3ster y anunci\u00f3 cu\u00e1ndo [&hellip;]<\/p>\n","protected":false},"author":6,"featured_media":5593,"comment_status":"open","ping_status":"open","sticky":false,"template":"","format":"standard","meta":{"_jetpack_memberships_contains_paid_content":false,"footnotes":""},"categories":[243],"tags":[542],"class_list":["post-5591","post","type-post","status-publish","format-standard","has-post-thumbnail","hentry","category-adaptaciones","tag-it-welcome-to-derry"],"jetpack_featured_media_url":"https:\/\/restaurantdelamente.com\/portal\/wp-content\/uploads\/2025\/07\/701c7be1-b659-41db-8e95-dd7e92786a84-scaled.jpg","blog_post_layout_featured_media_urls":{"thumbnail":["https:\/\/restaurantdelamente.com\/portal\/wp-content\/uploads\/2025\/07\/701c7be1-b659-41db-8e95-dd7e92786a84-150x150.jpg",150,150,true],"full":["https:\/\/restaurantdelamente.com\/portal\/wp-content\/uploads\/2025\/07\/701c7be1-b659-41db-8e95-dd7e92786a84-scaled.jpg",2560,1440,false]},"categories_names":{"243":{"name":"Adaptaciones","link":"https:\/\/restaurantdelamente.com\/portal\/category\/adaptaciones\/"}},"tags_names":{"542":{"name":"IT Welcome to derry","link":"https:\/\/restaurantdelamente.com\/portal\/tag\/it-welcome-to-derry\/"}},"comments_number":"0","wpmagazine_modules_lite_featured_media_urls":{"thumbnail":["https:\/\/restaurantdelamente.com\/portal\/wp-content\/uploads\/2025\/07\/701c7be1-b659-41db-8e95-dd7e92786a84-150x150.jpg",150,150,true],"cvmm-medium":["https:\/\/restaurantdelamente.com\/portal\/wp-content\/uploads\/2025\/07\/701c7be1-b659-41db-8e95-dd7e92786a84-300x300.jpg",300,300,true],"cvmm-medium-plus":["https:\/\/restaurantdelamente.com\/portal\/wp-content\/uploads\/2025\/07\/701c7be1-b659-41db-8e95-dd7e92786a84-305x207.jpg",305,207,true],"cvmm-portrait":["https:\/\/restaurantdelamente.com\/portal\/wp-content\/uploads\/2025\/07\/701c7be1-b659-41db-8e95-dd7e92786a84-400x600.jpg",400,600,true],"cvmm-medium-square":["https:\/\/restaurantdelamente.com\/portal\/wp-content\/uploads\/2025\/07\/701c7be1-b659-41db-8e95-dd7e92786a84-600x600.jpg",600,600,true],"cvmm-large":["https:\/\/restaurantdelamente.com\/portal\/wp-content\/uploads\/2025\/07\/701c7be1-b659-41db-8e95-dd7e92786a84-1024x1024.jpg",1024,1024,true],"cvmm-small":["https:\/\/restaurantdelamente.com\/portal\/wp-content\/uploads\/2025\/07\/701c7be1-b659-41db-8e95-dd7e92786a84-130x95.jpg",130,95,true],"full":["https:\/\/restaurantdelamente.com\/portal\/wp-content\/uploads\/2025\/07\/701c7be1-b659-41db-8e95-dd7e92786a84-scaled.jpg",2560,1440,false]},"jetpack_sharing_enabled":true,"_links":{"self":[{"href":"https:\/\/restaurantdelamente.com\/portal\/wp-json\/wp\/v2\/posts\/5591","targetHints":{"allow":["GET"]}}],"collection":[{"href":"https:\/\/restaurantdelamente.com\/portal\/wp-json\/wp\/v2\/posts"}],"about":[{"href":"https:\/\/restaurantdelamente.com\/portal\/wp-json\/wp\/v2\/types\/post"}],"author":[{"embeddable":true,"href":"https:\/\/restaurantdelamente.com\/portal\/wp-json\/wp\/v2\/users\/6"}],"replies":[{"embeddable":true,"href":"https:\/\/restaurantdelamente.com\/portal\/wp-json\/wp\/v2\/comments?post=5591"}],"version-history":[{"count":1,"href":"https:\/\/restaurantdelamente.com\/portal\/wp-json\/wp\/v2\/posts\/5591\/revisions"}],"predecessor-version":[{"id":5594,"href":"https:\/\/restaurantdelamente.com\/portal\/wp-json\/wp\/v2\/posts\/5591\/revisions\/5594"}],"wp:featuredmedia":[{"embeddable":true,"href":"https:\/\/restaurantdelamente.com\/portal\/wp-json\/wp\/v2\/media\/5593"}],"wp:attachment":[{"href":"https:\/\/restaurantdelamente.com\/portal\/wp-json\/wp\/v2\/media?parent=5591"}],"wp:term":[{"taxonomy":"category","embeddable":true,"href":"https:\/\/restaurantdelamente.com\/portal\/wp-json\/wp\/v2\/categories?post=5591"},{"taxonomy":"post_tag","embeddable":true,"href":"https:\/\/restaurantdelamente.com\/portal\/wp-json\/wp\/v2\/tags?post=5591"}],"curies":[{"name":"wp","href":"https:\/\/api.w.org\/{rel}","templated":true}]}}