{"id":5589,"date":"2025-07-11T11:00:37","date_gmt":"2025-07-11T14:00:37","guid":{"rendered":"https:\/\/restaurantdelamente.com\/portal\/?p=5589"},"modified":"2025-07-11T11:00:39","modified_gmt":"2025-07-11T14:00:39","slug":"stephen-king-the-life-of-chuck-lanzamiento-en-digital","status":"publish","type":"post","link":"https:\/\/restaurantdelamente.com\/portal\/2025\/07\/11\/stephen-king-the-life-of-chuck-lanzamiento-en-digital\/","title":{"rendered":"The Life of Chuck &#8211; Lanzamiento en digital"},"content":{"rendered":"\n<p>The Life of Chuck, la m\u00e1s reciente adaptaci\u00f3n de Stephen King en llegar a los cines de EEUU el pasado mes de junio, ya tiene fecha de llegada a las plataformas para compra\/alquiler digital.<\/p>\n\n\n\n<figure class=\"wp-block-image size-large\"><img loading=\"lazy\" decoding=\"async\" width=\"819\" height=\"1024\" src=\"https:\/\/restaurantdelamente.com\/portal\/wp-content\/uploads\/2025\/03\/483631951_18366121111131688_4710109729065666487_n-819x1024.jpg\" alt=\"\" class=\"wp-image-5463\" srcset=\"https:\/\/restaurantdelamente.com\/portal\/wp-content\/uploads\/2025\/03\/483631951_18366121111131688_4710109729065666487_n-819x1024.jpg 819w, https:\/\/restaurantdelamente.com\/portal\/wp-content\/uploads\/2025\/03\/483631951_18366121111131688_4710109729065666487_n-240x300.jpg 240w, https:\/\/restaurantdelamente.com\/portal\/wp-content\/uploads\/2025\/03\/483631951_18366121111131688_4710109729065666487_n-768x960.jpg 768w, https:\/\/restaurantdelamente.com\/portal\/wp-content\/uploads\/2025\/03\/483631951_18366121111131688_4710109729065666487_n-1229x1536.jpg 1229w, https:\/\/restaurantdelamente.com\/portal\/wp-content\/uploads\/2025\/03\/483631951_18366121111131688_4710109729065666487_n.jpg 1350w\" sizes=\"auto, (max-width: 819px) 100vw, 819px\" \/><\/figure>\n\n\n\n<p>El film, dirigido por Mike Flanagan y protanizado por Tom Hiddlestone y Mark Hamil, entre otros, llegar\u00e1 a Amazon, iTunes y dem\u00e1s plataformas de compra el pr\u00f3ximo 29 de julio. <\/p>\n\n\n\n<p>Cabe recordar que, debido a su condici\u00f3n de film independiente, su ventana de exhibici\u00f3n internacional tendr\u00e1 lugar tres semanas despu\u00e9s, comenzando con su estreno en Argentina para el 21 de agosto.<\/p>\n\n\n\n<p>El film ser\u00e1 lanzado en formatos f\u00edsicos (Blu-Ray y DVD) cerca de fin de a\u00f1o.<\/p>\n","protected":false},"excerpt":{"rendered":"<p>The Life of Chuck, la m\u00e1s reciente adaptaci\u00f3n de Stephen King en llegar a los cines de EEUU el pasado mes de junio, ya tiene fecha de llegada a las plataformas para compra\/alquiler digital. El film, dirigido por Mike Flanagan y protanizado por Tom Hiddlestone y Mark Hamil, entre otros, llegar\u00e1 a Amazon, iTunes y [&hellip;]<\/p>\n","protected":false},"author":6,"featured_media":0,"comment_status":"open","ping_status":"open","sticky":false,"template":"","format":"standard","meta":{"_jetpack_memberships_contains_paid_content":false,"footnotes":""},"categories":[243],"tags":[],"class_list":["post-5589","post","type-post","status-publish","format-standard","hentry","category-adaptaciones"],"jetpack_featured_media_url":"","blog_post_layout_featured_media_urls":{"thumbnail":"","full":""},"categories_names":{"243":{"name":"Adaptaciones","link":"https:\/\/restaurantdelamente.com\/portal\/category\/adaptaciones\/"}},"tags_names":[],"comments_number":"0","wpmagazine_modules_lite_featured_media_urls":{"thumbnail":"","cvmm-medium":"","cvmm-medium-plus":"","cvmm-portrait":"","cvmm-medium-square":"","cvmm-large":"","cvmm-small":"","full":""},"jetpack_sharing_enabled":true,"_links":{"self":[{"href":"https:\/\/restaurantdelamente.com\/portal\/wp-json\/wp\/v2\/posts\/5589","targetHints":{"allow":["GET"]}}],"collection":[{"href":"https:\/\/restaurantdelamente.com\/portal\/wp-json\/wp\/v2\/posts"}],"about":[{"href":"https:\/\/restaurantdelamente.com\/portal\/wp-json\/wp\/v2\/types\/post"}],"author":[{"embeddable":true,"href":"https:\/\/restaurantdelamente.com\/portal\/wp-json\/wp\/v2\/users\/6"}],"replies":[{"embeddable":true,"href":"https:\/\/restaurantdelamente.com\/portal\/wp-json\/wp\/v2\/comments?post=5589"}],"version-history":[{"count":1,"href":"https:\/\/restaurantdelamente.com\/portal\/wp-json\/wp\/v2\/posts\/5589\/revisions"}],"predecessor-version":[{"id":5590,"href":"https:\/\/restaurantdelamente.com\/portal\/wp-json\/wp\/v2\/posts\/5589\/revisions\/5590"}],"wp:attachment":[{"href":"https:\/\/restaurantdelamente.com\/portal\/wp-json\/wp\/v2\/media?parent=5589"}],"wp:term":[{"taxonomy":"category","embeddable":true,"href":"https:\/\/restaurantdelamente.com\/portal\/wp-json\/wp\/v2\/categories?post=5589"},{"taxonomy":"post_tag","embeddable":true,"href":"https:\/\/restaurantdelamente.com\/portal\/wp-json\/wp\/v2\/tags?post=5589"}],"curies":[{"name":"wp","href":"https:\/\/api.w.org\/{rel}","templated":true}]}}