{"id":5321,"date":"2024-05-18T15:12:53","date_gmt":"2024-05-18T18:12:53","guid":{"rendered":"https:\/\/restaurantdelamente.com\/portal\/?p=5321"},"modified":"2024-05-18T15:58:01","modified_gmt":"2024-05-18T18:58:01","slug":"stephen-king-the-monkey-vendida-en-cannes","status":"publish","type":"post","link":"https:\/\/restaurantdelamente.com\/portal\/2024\/05\/18\/stephen-king-the-monkey-vendida-en-cannes\/","title":{"rendered":"\u00a1&#8217;THE MONKEY&#8217; vendida en Cannes!"},"content":{"rendered":"\n<p>Era la noticia que esper\u00e1bamos: durante el prestigioso festival ya tuvo lugar la primera de las ventas relacionadas a Stephen King y es nada m\u00e1s y nada menos que la \u00faltima filmada. &#8216;The Monkey&#8217; (&#8216;El mono&#8217;), el cuento presente en <strong><em><a href=\"https:\/\/restaurantdelamente.com\/busqueda?controller=search&amp;s=LA+NIEBLA\">LA NIEBLA<\/a><\/em><\/strong> y que comenz\u00f3 su producci\u00f3n hace apenas dos meses con direcci\u00f3n de Osgord Perkins y las actuaciones de Theo James (The White Lotus), Elijah Wood (The Lord Of The Rings), y Sarah Levy (Schitt\u2019s Creek), entre otros\/as, fue adquirido por la distribuidora Neon.<\/p>\n\n\n<div class=\"wp-block-image\">\n<figure class=\"aligncenter size-full\"><img loading=\"lazy\" decoding=\"async\" width=\"681\" height=\"383\" src=\"https:\/\/restaurantdelamente.com\/portal\/wp-content\/uploads\/2024\/05\/theo.webp\" alt=\"\" class=\"wp-image-5322\" srcset=\"https:\/\/restaurantdelamente.com\/portal\/wp-content\/uploads\/2024\/05\/theo.webp 681w, https:\/\/restaurantdelamente.com\/portal\/wp-content\/uploads\/2024\/05\/theo-300x169.webp 300w\" sizes=\"auto, (max-width: 681px) 100vw, 681px\" \/><\/figure>\n<\/div>\n\n\n<p><\/p>\n\n\n\n<p>Neon (responsable de la elogiada <strong><em>Robot Dreams<\/em><\/strong>) tuvo bastante competencia por esta pel\u00edcula y se habla de que termin\u00f3 llev\u00e1ndose el premio luego de cerrar un trato de siete cifras. Ya con la pel\u00edcula filmada y distribuidora asegurada, las chances de un estreno este a\u00f1o se incrementan.<\/p>\n\n\n\n<p>Queda esperar a ver si Cannes nos da la otra noticia que m\u00e1s esperamos, y es respecto a si una distribuidora adquire <strong><em>La vida de Chuck<\/em><\/strong>, la nueva pel\u00edcula de Mike Flanagan.<\/p>\n\n\n\n<p>\u00a1Crucemos los dedos!<\/p>\n","protected":false},"excerpt":{"rendered":"<p>Era la noticia que esper\u00e1bamos: durante el prestigioso festival ya tuvo lugar la primera de las ventas relacionadas a Stephen King y es nada m\u00e1s y nada menos que la \u00faltima filmada. &#8216;The Monkey&#8217; (&#8216;El mono&#8217;), el cuento presente en LA NIEBLA y que comenz\u00f3 su producci\u00f3n hace apenas dos meses con direcci\u00f3n de Osgord [&hellip;]<\/p>\n","protected":false},"author":6,"featured_media":5323,"comment_status":"open","ping_status":"open","sticky":false,"template":"","format":"standard","meta":{"_jetpack_memberships_contains_paid_content":false,"footnotes":""},"categories":[243],"tags":[429],"class_list":["post-5321","post","type-post","status-publish","format-standard","has-post-thumbnail","hentry","category-adaptaciones","tag-the-monkey"],"jetpack_featured_media_url":"https:\/\/restaurantdelamente.com\/portal\/wp-content\/uploads\/2024\/05\/69b501a5-0fe1-461c-9b5b-a24bf9ce4a90.jpg","blog_post_layout_featured_media_urls":{"thumbnail":["https:\/\/restaurantdelamente.com\/portal\/wp-content\/uploads\/2024\/05\/69b501a5-0fe1-461c-9b5b-a24bf9ce4a90-150x150.jpg",150,150,true],"full":["https:\/\/restaurantdelamente.com\/portal\/wp-content\/uploads\/2024\/05\/69b501a5-0fe1-461c-9b5b-a24bf9ce4a90.jpg",1080,1080,false]},"categories_names":{"243":{"name":"Adaptaciones","link":"https:\/\/restaurantdelamente.com\/portal\/category\/adaptaciones\/"}},"tags_names":{"429":{"name":"The Monkey","link":"https:\/\/restaurantdelamente.com\/portal\/tag\/the-monkey\/"}},"comments_number":"0","wpmagazine_modules_lite_featured_media_urls":{"thumbnail":["https:\/\/restaurantdelamente.com\/portal\/wp-content\/uploads\/2024\/05\/69b501a5-0fe1-461c-9b5b-a24bf9ce4a90-150x150.jpg",150,150,true],"cvmm-medium":["https:\/\/restaurantdelamente.com\/portal\/wp-content\/uploads\/2024\/05\/69b501a5-0fe1-461c-9b5b-a24bf9ce4a90-300x300.jpg",300,300,true],"cvmm-medium-plus":["https:\/\/restaurantdelamente.com\/portal\/wp-content\/uploads\/2024\/05\/69b501a5-0fe1-461c-9b5b-a24bf9ce4a90-305x207.jpg",305,207,true],"cvmm-portrait":["https:\/\/restaurantdelamente.com\/portal\/wp-content\/uploads\/2024\/05\/69b501a5-0fe1-461c-9b5b-a24bf9ce4a90-400x600.jpg",400,600,true],"cvmm-medium-square":["https:\/\/restaurantdelamente.com\/portal\/wp-content\/uploads\/2024\/05\/69b501a5-0fe1-461c-9b5b-a24bf9ce4a90-600x600.jpg",600,600,true],"cvmm-large":["https:\/\/restaurantdelamente.com\/portal\/wp-content\/uploads\/2024\/05\/69b501a5-0fe1-461c-9b5b-a24bf9ce4a90-1024x1024.jpg",1024,1024,true],"cvmm-small":["https:\/\/restaurantdelamente.com\/portal\/wp-content\/uploads\/2024\/05\/69b501a5-0fe1-461c-9b5b-a24bf9ce4a90-130x95.jpg",130,95,true],"full":["https:\/\/restaurantdelamente.com\/portal\/wp-content\/uploads\/2024\/05\/69b501a5-0fe1-461c-9b5b-a24bf9ce4a90.jpg",1080,1080,false]},"jetpack_sharing_enabled":true,"_links":{"self":[{"href":"https:\/\/restaurantdelamente.com\/portal\/wp-json\/wp\/v2\/posts\/5321","targetHints":{"allow":["GET"]}}],"collection":[{"href":"https:\/\/restaurantdelamente.com\/portal\/wp-json\/wp\/v2\/posts"}],"about":[{"href":"https:\/\/restaurantdelamente.com\/portal\/wp-json\/wp\/v2\/types\/post"}],"author":[{"embeddable":true,"href":"https:\/\/restaurantdelamente.com\/portal\/wp-json\/wp\/v2\/users\/6"}],"replies":[{"embeddable":true,"href":"https:\/\/restaurantdelamente.com\/portal\/wp-json\/wp\/v2\/comments?post=5321"}],"version-history":[{"count":1,"href":"https:\/\/restaurantdelamente.com\/portal\/wp-json\/wp\/v2\/posts\/5321\/revisions"}],"predecessor-version":[{"id":5324,"href":"https:\/\/restaurantdelamente.com\/portal\/wp-json\/wp\/v2\/posts\/5321\/revisions\/5324"}],"wp:featuredmedia":[{"embeddable":true,"href":"https:\/\/restaurantdelamente.com\/portal\/wp-json\/wp\/v2\/media\/5323"}],"wp:attachment":[{"href":"https:\/\/restaurantdelamente.com\/portal\/wp-json\/wp\/v2\/media?parent=5321"}],"wp:term":[{"taxonomy":"category","embeddable":true,"href":"https:\/\/restaurantdelamente.com\/portal\/wp-json\/wp\/v2\/categories?post=5321"},{"taxonomy":"post_tag","embeddable":true,"href":"https:\/\/restaurantdelamente.com\/portal\/wp-json\/wp\/v2\/tags?post=5321"}],"curies":[{"name":"wp","href":"https:\/\/api.w.org\/{rel}","templated":true}]}}