{"id":5037,"date":"2023-11-02T14:41:19","date_gmt":"2023-11-02T17:41:19","guid":{"rendered":"https:\/\/restaurantdelamente.com\/portal\/?p=5037"},"modified":"2023-11-02T14:41:39","modified_gmt":"2023-11-02T17:41:39","slug":"stephen-king-welcome-to-derry-postergada-a-2025","status":"publish","type":"post","link":"https:\/\/restaurantdelamente.com\/portal\/2023\/11\/02\/stephen-king-welcome-to-derry-postergada-a-2025\/","title":{"rendered":"&#8216;Welcome To Derry&#8217; postergada a 2025"},"content":{"rendered":"\n<p>HBO anunci\u00f3 que \u00abWelcome to Derry\u00bb, la serie precuela de los eventos narrados en IT &#8211; Cap\u00edtulo 1, posiblemente postergue su estreno a 2025.<\/p>\n\n\n\n<p>\u00abOriginalmente ten\u00edamos programada &#8216;Welcome to Derry\u00bb para Halloween de 2024, pero es muy posible que la posterguemos a 2025&#8243;, dijo el CEO de HBO, Casey Bloys.<\/p>\n\n\n\n<figure class=\"wp-block-image size-large\"><img loading=\"lazy\" decoding=\"async\" width=\"1024\" height=\"576\" src=\"https:\/\/restaurantdelamente.com\/portal\/wp-content\/uploads\/2023\/11\/maxresdefault-1024x576.jpg\" alt=\"\" class=\"wp-image-5041\" srcset=\"https:\/\/restaurantdelamente.com\/portal\/wp-content\/uploads\/2023\/11\/maxresdefault-1024x576.jpg 1024w, https:\/\/restaurantdelamente.com\/portal\/wp-content\/uploads\/2023\/11\/maxresdefault-300x169.jpg 300w, https:\/\/restaurantdelamente.com\/portal\/wp-content\/uploads\/2023\/11\/maxresdefault-768x432.jpg 768w, https:\/\/restaurantdelamente.com\/portal\/wp-content\/uploads\/2023\/11\/maxresdefault.jpg 1280w\" sizes=\"auto, (max-width: 1024px) 100vw, 1024px\" \/><\/figure>\n\n\n\n<p>&#8216;Welcome To Derry&#8217; tiene a Andy y B\u00e1rbara Muschietti como productores, con Andy siendo el director de algunos de los episodios. Algunos de los actores y actrices confirmados son Taylour Paige (Zola), Jovan Adepo (\u00abWatchmen\u00bb), Chris Chalk (\u00abPerry Mason\u00bb), James Remar (Oppenheimer), Madeleine Stowe (Revenge), y Stephen Rider (Daredevil).<\/p>\n\n\n\n<p>La primera temporada tendr\u00e1 lugar en los &#8217;60, 27 a\u00f1os antes de los eventos narrados en IT &#8211; Cap\u00edtulo 1, durante la previa aparici\u00f3n de ESO\/Pennywise.<\/p>\n\n\n\n<p>Los showrunners son Jason Fuchs (Wonder Woman, Ice Age: Continental Drift) y Brad Caleb Kane (\u00abMoonhaven,\u00bb \u00abBlack Sails,\u00bb \u00abFringe\u00bb).<\/p>\n","protected":false},"excerpt":{"rendered":"<p>HBO anunci\u00f3 que \u00abWelcome to Derry\u00bb, la serie precuela de los eventos narrados en IT &#8211; Cap\u00edtulo 1, posiblemente postergue su estreno a 2025. \u00abOriginalmente ten\u00edamos programada &#8216;Welcome to Derry\u00bb para Halloween de 2024, pero es muy posible que la posterguemos a 2025&#8243;, dijo el CEO de HBO, Casey Bloys. &#8216;Welcome To Derry&#8217; tiene a [&hellip;]<\/p>\n","protected":false},"author":6,"featured_media":5038,"comment_status":"open","ping_status":"open","sticky":false,"template":"","format":"standard","meta":{"_jetpack_memberships_contains_paid_content":false,"footnotes":""},"categories":[243],"tags":[466],"class_list":["post-5037","post","type-post","status-publish","format-standard","has-post-thumbnail","hentry","category-adaptaciones","tag-welcome-to-derry"],"jetpack_featured_media_url":"https:\/\/restaurantdelamente.com\/portal\/wp-content\/uploads\/2023\/11\/Welcometsk.png","blog_post_layout_featured_media_urls":{"thumbnail":["https:\/\/restaurantdelamente.com\/portal\/wp-content\/uploads\/2023\/11\/Welcometsk-150x150.png",150,150,true],"full":["https:\/\/restaurantdelamente.com\/portal\/wp-content\/uploads\/2023\/11\/Welcometsk.png",1080,1080,false]},"categories_names":{"243":{"name":"Adaptaciones","link":"https:\/\/restaurantdelamente.com\/portal\/category\/adaptaciones\/"}},"tags_names":{"466":{"name":"Welcome to Derry","link":"https:\/\/restaurantdelamente.com\/portal\/tag\/welcome-to-derry\/"}},"comments_number":"0","wpmagazine_modules_lite_featured_media_urls":{"thumbnail":["https:\/\/restaurantdelamente.com\/portal\/wp-content\/uploads\/2023\/11\/Welcometsk-150x150.png",150,150,true],"cvmm-medium":["https:\/\/restaurantdelamente.com\/portal\/wp-content\/uploads\/2023\/11\/Welcometsk-300x300.png",300,300,true],"cvmm-medium-plus":["https:\/\/restaurantdelamente.com\/portal\/wp-content\/uploads\/2023\/11\/Welcometsk-305x207.png",305,207,true],"cvmm-portrait":["https:\/\/restaurantdelamente.com\/portal\/wp-content\/uploads\/2023\/11\/Welcometsk-400x600.png",400,600,true],"cvmm-medium-square":["https:\/\/restaurantdelamente.com\/portal\/wp-content\/uploads\/2023\/11\/Welcometsk-600x600.png",600,600,true],"cvmm-large":["https:\/\/restaurantdelamente.com\/portal\/wp-content\/uploads\/2023\/11\/Welcometsk-1024x1024.png",1024,1024,true],"cvmm-small":["https:\/\/restaurantdelamente.com\/portal\/wp-content\/uploads\/2023\/11\/Welcometsk-130x95.png",130,95,true],"full":["https:\/\/restaurantdelamente.com\/portal\/wp-content\/uploads\/2023\/11\/Welcometsk.png",1080,1080,false]},"jetpack_sharing_enabled":true,"_links":{"self":[{"href":"https:\/\/restaurantdelamente.com\/portal\/wp-json\/wp\/v2\/posts\/5037","targetHints":{"allow":["GET"]}}],"collection":[{"href":"https:\/\/restaurantdelamente.com\/portal\/wp-json\/wp\/v2\/posts"}],"about":[{"href":"https:\/\/restaurantdelamente.com\/portal\/wp-json\/wp\/v2\/types\/post"}],"author":[{"embeddable":true,"href":"https:\/\/restaurantdelamente.com\/portal\/wp-json\/wp\/v2\/users\/6"}],"replies":[{"embeddable":true,"href":"https:\/\/restaurantdelamente.com\/portal\/wp-json\/wp\/v2\/comments?post=5037"}],"version-history":[{"count":1,"href":"https:\/\/restaurantdelamente.com\/portal\/wp-json\/wp\/v2\/posts\/5037\/revisions"}],"predecessor-version":[{"id":5042,"href":"https:\/\/restaurantdelamente.com\/portal\/wp-json\/wp\/v2\/posts\/5037\/revisions\/5042"}],"wp:featuredmedia":[{"embeddable":true,"href":"https:\/\/restaurantdelamente.com\/portal\/wp-json\/wp\/v2\/media\/5038"}],"wp:attachment":[{"href":"https:\/\/restaurantdelamente.com\/portal\/wp-json\/wp\/v2\/media?parent=5037"}],"wp:term":[{"taxonomy":"category","embeddable":true,"href":"https:\/\/restaurantdelamente.com\/portal\/wp-json\/wp\/v2\/categories?post=5037"},{"taxonomy":"post_tag","embeddable":true,"href":"https:\/\/restaurantdelamente.com\/portal\/wp-json\/wp\/v2\/tags?post=5037"}],"curies":[{"name":"wp","href":"https:\/\/api.w.org\/{rel}","templated":true}]}}