{"id":4488,"date":"2022-12-08T12:33:57","date_gmt":"2022-12-08T15:33:57","guid":{"rendered":"https:\/\/restaurantdelamente.com\/portal\/?p=4488"},"modified":"2022-12-08T12:34:09","modified_gmt":"2022-12-08T15:34:09","slug":"stephen-king-mike-flanagan-adaptara-la-torre-oscura","status":"publish","type":"post","link":"https:\/\/restaurantdelamente.com\/portal\/2022\/12\/08\/stephen-king-mike-flanagan-adaptara-la-torre-oscura\/","title":{"rendered":"\u00a1Mike Flanagan adaptar\u00e1 LA TORRE OSCURA!"},"content":{"rendered":"\n<p>Bueno, esta es la noticia que sabemos desde hace un a\u00f1o, no pod\u00edamos contar y fuimos tirando alguna que otra pista en nuestros videos. Finalmente sali\u00f3 a la luz que Mike Flanagan adaptar\u00e1 LA TORRE OSCURA. Lo \u00fanico que termin\u00f3 siendo diferente es que Mike se acaba de ir de Netflix que iba a ser el lugar donde se iba a ver la serie.<\/p>\n\n\n\n<figure class=\"wp-block-image size-full\"><img loading=\"lazy\" decoding=\"async\" width=\"840\" height=\"560\" src=\"https:\/\/restaurantdelamente.com\/portal\/wp-content\/uploads\/2022\/12\/840_560.jpeg\" alt=\"\" class=\"wp-image-4489\" srcset=\"https:\/\/restaurantdelamente.com\/portal\/wp-content\/uploads\/2022\/12\/840_560.jpeg 840w, https:\/\/restaurantdelamente.com\/portal\/wp-content\/uploads\/2022\/12\/840_560-300x200.jpeg 300w, https:\/\/restaurantdelamente.com\/portal\/wp-content\/uploads\/2022\/12\/840_560-768x512.jpeg 768w, https:\/\/restaurantdelamente.com\/portal\/wp-content\/uploads\/2022\/12\/840_560-391x260.jpeg 391w\" sizes=\"auto, (max-width: 840px) 100vw, 840px\" \/><\/figure>\n\n\n\n<p>Flanagan junto a Trevor Macy fundaron en 2004 Intrepid Pictures, y ahora llega de parte de ambos una serie de cinco temporadas que adaptar\u00e1 la saga de Stephen King. En una entrevista con <a href=\"https:\/\/deadline.com\/2022\/12\/mike-flanagan-amp-trevor-macy-the-dark-tower-series-movies-netflix-exit-midnight-club-canceled-amazon-intrepid-1235191018\/\" target=\"_blank\" rel=\"noreferrer noopener\">Deadline<\/a> cont\u00f3 que ya hab\u00eda adquirido los derechos al margen de su mudanza a Amazon (luego de abandonar Netflix firm\u00f3 contrato con Amazon Prime), lo cual no significa que Amazon no apueste al proyecto.<\/p>\n\n\n\n<p>\u00abEscrib\u00ed el episodio piloto. Lo vemos como una serie que va a durar al menos cinco temporadas. Y habiendo vivido con este proyecto todo este tiempo puedo decir que lo tengo casi todo armado en mi cabeza. Pero tengo un episodio piloto que me encanta y una primera temporada muy detallada en papel, con el resto bocetadas. Creo que, si eventualmente podemos hacerlo andar, hay otros escritores con los que ya trabaj\u00e9 y quiero sumar. <\/p>\n\n\n\n<p>M\u00e1s de la mitad de mi vida cerr\u00e9 mis ojos e imagin\u00e9 c\u00f3mo ser\u00eda. So\u00f1\u00e9 acerca de ella. Esa primera escena con esa primera incre\u00edble frase con la que comienza el libro. <\/p>\n\n\n\n<p>El episodio piloto es una de las cosas preferidas con las que he trabajado. Fue surreal trabajar en el. Estamos muy agradecidos que Stephen King conf\u00eda en nosotros para adaptar algo tan importante para \u00e9l, y ojal\u00e1 encontremos al compa\u00f1ero ideal para realizarlo.\u00bb<\/p>\n\n\n\n<p>Flanagan luego agreg\u00f3 que convers\u00f3 con Stephen King respecto a los planes y los derechos. Mencion\u00f3 que esto sucedi\u00f3 porque le envi\u00f3 un tratamiento muy detallado sobre lo que quer\u00eda hacer, y King le dijo que ten\u00edan los derechos. Flanagan solo quer\u00eda hacerlo si iba a ser respetuoso del material, y King estuvo muy a favor.<\/p>\n\n\n\n<p>Respecto a c\u00f3mo la imagina, dice que la ve como cinco temporadas de TV y seguida por dos pel\u00edculas, pero primero est\u00e1 focalizado en la parte televisiva. Y finalmente, como<a href=\"https:\/\/youtu.be\/Bkp1IYUSSjw\" target=\"_blank\" rel=\"noreferrer noopener\"> Amazon ya estuvo interesada en La Torre Oscura pero decidi\u00f3 no avanzar<\/a>, dice que ya convers\u00f3 con los ejecutivos y que, si bien no ahondaron en el tema, nada est\u00e1 fuera de la mesa.<\/p>\n","protected":false},"excerpt":{"rendered":"<p>Bueno, esta es la noticia que sabemos desde hace un a\u00f1o, no pod\u00edamos contar y fuimos tirando alguna que otra pista en nuestros videos. Finalmente sali\u00f3 a la luz que Mike Flanagan adaptar\u00e1 LA TORRE OSCURA. Lo \u00fanico que termin\u00f3 siendo diferente es que Mike se acaba de ir de Netflix que iba a ser [&hellip;]<\/p>\n","protected":false},"author":6,"featured_media":4490,"comment_status":"open","ping_status":"open","sticky":false,"template":"","format":"standard","meta":{"_jetpack_memberships_contains_paid_content":false,"footnotes":""},"categories":[243],"tags":[214,306],"class_list":["post-4488","post","type-post","status-publish","format-standard","has-post-thumbnail","hentry","category-adaptaciones","tag-la-torre-oscura","tag-the-dark-tower"],"jetpack_featured_media_url":"https:\/\/restaurantdelamente.com\/portal\/wp-content\/uploads\/2022\/12\/the-dark-tower_3.webp","blog_post_layout_featured_media_urls":{"thumbnail":["https:\/\/restaurantdelamente.com\/portal\/wp-content\/uploads\/2022\/12\/the-dark-tower_3-150x150.webp",150,150,true],"full":["https:\/\/restaurantdelamente.com\/portal\/wp-content\/uploads\/2022\/12\/the-dark-tower_3.webp",1680,1050,false]},"categories_names":{"243":{"name":"Adaptaciones","link":"https:\/\/restaurantdelamente.com\/portal\/category\/adaptaciones\/"}},"tags_names":{"214":{"name":"La Torre Oscura","link":"https:\/\/restaurantdelamente.com\/portal\/tag\/la-torre-oscura\/"},"306":{"name":"The Dark Tower","link":"https:\/\/restaurantdelamente.com\/portal\/tag\/the-dark-tower\/"}},"comments_number":"0","wpmagazine_modules_lite_featured_media_urls":{"thumbnail":["https:\/\/restaurantdelamente.com\/portal\/wp-content\/uploads\/2022\/12\/the-dark-tower_3-150x150.webp",150,150,true],"cvmm-medium":["https:\/\/restaurantdelamente.com\/portal\/wp-content\/uploads\/2022\/12\/the-dark-tower_3-300x300.webp",300,300,true],"cvmm-medium-plus":["https:\/\/restaurantdelamente.com\/portal\/wp-content\/uploads\/2022\/12\/the-dark-tower_3-305x207.webp",305,207,true],"cvmm-portrait":["https:\/\/restaurantdelamente.com\/portal\/wp-content\/uploads\/2022\/12\/the-dark-tower_3-400x600.webp",400,600,true],"cvmm-medium-square":["https:\/\/restaurantdelamente.com\/portal\/wp-content\/uploads\/2022\/12\/the-dark-tower_3-600x600.webp",600,600,true],"cvmm-large":["https:\/\/restaurantdelamente.com\/portal\/wp-content\/uploads\/2022\/12\/the-dark-tower_3-1024x1024.webp",1024,1024,true],"cvmm-small":["https:\/\/restaurantdelamente.com\/portal\/wp-content\/uploads\/2022\/12\/the-dark-tower_3-130x95.webp",130,95,true],"full":["https:\/\/restaurantdelamente.com\/portal\/wp-content\/uploads\/2022\/12\/the-dark-tower_3.webp",1680,1050,false]},"jetpack_sharing_enabled":true,"_links":{"self":[{"href":"https:\/\/restaurantdelamente.com\/portal\/wp-json\/wp\/v2\/posts\/4488","targetHints":{"allow":["GET"]}}],"collection":[{"href":"https:\/\/restaurantdelamente.com\/portal\/wp-json\/wp\/v2\/posts"}],"about":[{"href":"https:\/\/restaurantdelamente.com\/portal\/wp-json\/wp\/v2\/types\/post"}],"author":[{"embeddable":true,"href":"https:\/\/restaurantdelamente.com\/portal\/wp-json\/wp\/v2\/users\/6"}],"replies":[{"embeddable":true,"href":"https:\/\/restaurantdelamente.com\/portal\/wp-json\/wp\/v2\/comments?post=4488"}],"version-history":[{"count":1,"href":"https:\/\/restaurantdelamente.com\/portal\/wp-json\/wp\/v2\/posts\/4488\/revisions"}],"predecessor-version":[{"id":4491,"href":"https:\/\/restaurantdelamente.com\/portal\/wp-json\/wp\/v2\/posts\/4488\/revisions\/4491"}],"wp:featuredmedia":[{"embeddable":true,"href":"https:\/\/restaurantdelamente.com\/portal\/wp-json\/wp\/v2\/media\/4490"}],"wp:attachment":[{"href":"https:\/\/restaurantdelamente.com\/portal\/wp-json\/wp\/v2\/media?parent=4488"}],"wp:term":[{"taxonomy":"category","embeddable":true,"href":"https:\/\/restaurantdelamente.com\/portal\/wp-json\/wp\/v2\/categories?post=4488"},{"taxonomy":"post_tag","embeddable":true,"href":"https:\/\/restaurantdelamente.com\/portal\/wp-json\/wp\/v2\/tags?post=4488"}],"curies":[{"name":"wp","href":"https:\/\/api.w.org\/{rel}","templated":true}]}}