{"id":3606,"date":"2022-02-01T10:18:27","date_gmt":"2022-02-01T13:18:27","guid":{"rendered":"https:\/\/restaurantdelamente.com\/portal\/?p=3606"},"modified":"2022-02-01T10:18:41","modified_gmt":"2022-02-01T13:18:41","slug":"stephen-king-the-boogeyman-ya-tiene-protagonistas","status":"publish","type":"post","link":"https:\/\/restaurantdelamente.com\/portal\/2022\/02\/01\/stephen-king-the-boogeyman-ya-tiene-protagonistas\/","title":{"rendered":"The Boogeyman ya tiene protagonistas"},"content":{"rendered":"\n<p>La adaptaci\u00f3n a pel\u00edcula de <em>The Boogeyman<\/em> (\u00abEl coco\u00bb), el cuento publicado en <em><a href=\"https:\/\/restaurantdelamente.com\/busqueda?controller=search&amp;s=night+shift\" target=\"_blank\" rel=\"noreferrer noopener\">Night Shift<\/a><\/em> (<em><a href=\"https:\/\/restaurantdelamente.com\/busqueda?controller=search&amp;s=umbral\" target=\"_blank\" rel=\"noreferrer noopener\">El umbral de la noche)<\/a><\/em> ya tiene protagonistas. Dirigida por Rob Savage (<em>Host<\/em>), esta pel\u00edcula cuyo comienzo de rodaje est\u00e1 programado para marzo y que se estrenar\u00e1 a trav\u00e9s del streaming Hulu (\u00bfser\u00e1 este mismo a\u00f1o?) ya tiene a dos de sus actores y actrices confirmados: ser\u00e1n Sophie Tatcher (<em>Yellowjackets<\/em>) y Chris Messina (<em>I Care a Lot<\/em>).<\/p>\n\n\n\n<div class=\"wp-block-image\"><figure class=\"aligncenter size-large\"><img loading=\"lazy\" decoding=\"async\" width=\"1024\" height=\"576\" src=\"https:\/\/restaurantdelamente.com\/portal\/wp-content\/uploads\/2022\/02\/thatcher-messina-1024x576.jpg\" alt=\"\" class=\"wp-image-3607\" srcset=\"https:\/\/restaurantdelamente.com\/portal\/wp-content\/uploads\/2022\/02\/thatcher-messina-1024x576.jpg 1024w, https:\/\/restaurantdelamente.com\/portal\/wp-content\/uploads\/2022\/02\/thatcher-messina-300x169.jpg 300w, https:\/\/restaurantdelamente.com\/portal\/wp-content\/uploads\/2022\/02\/thatcher-messina-768x432.jpg 768w, https:\/\/restaurantdelamente.com\/portal\/wp-content\/uploads\/2022\/02\/thatcher-messina-1536x864.jpg 1536w, https:\/\/restaurantdelamente.com\/portal\/wp-content\/uploads\/2022\/02\/thatcher-messina.jpg 1800w\" sizes=\"auto, (max-width: 1024px) 100vw, 1024px\" \/><figcaption>Chris Messina y Sophie Tatcher<\/figcaption><\/figure><\/div>\n\n\n\n<p class=\"has-text-align-center\"><em>The Boogeyman<\/em> nos presenta a Lester Billings, un devastado padre que visita a un psiquiatra y le cuenta c\u00f3mo sus hijos fueron asesinados por \u00abel coco\u00bb.<\/p>\n","protected":false},"excerpt":{"rendered":"<p>La adaptaci\u00f3n a pel\u00edcula de The Boogeyman (\u00abEl coco\u00bb), el cuento publicado en Night Shift (El umbral de la noche) ya tiene protagonistas. Dirigida por Rob Savage (Host), esta pel\u00edcula cuyo comienzo de rodaje est\u00e1 programado para marzo y que se estrenar\u00e1 a trav\u00e9s del streaming Hulu (\u00bfser\u00e1 este mismo a\u00f1o?) ya tiene a dos [&hellip;]<\/p>\n","protected":false},"author":6,"featured_media":3608,"comment_status":"open","ping_status":"open","sticky":false,"template":"","format":"standard","meta":{"_jetpack_memberships_contains_paid_content":false,"footnotes":""},"categories":[243],"tags":[428],"class_list":["post-3606","post","type-post","status-publish","format-standard","has-post-thumbnail","hentry","category-adaptaciones","tag-boogeyman"],"jetpack_featured_media_url":"https:\/\/restaurantdelamente.com\/portal\/wp-content\/uploads\/2022\/02\/81JQ7zUy5PL.jpg","blog_post_layout_featured_media_urls":{"thumbnail":["https:\/\/restaurantdelamente.com\/portal\/wp-content\/uploads\/2022\/02\/81JQ7zUy5PL-150x150.jpg",150,150,true],"full":["https:\/\/restaurantdelamente.com\/portal\/wp-content\/uploads\/2022\/02\/81JQ7zUy5PL.jpg",1248,2064,false]},"categories_names":{"243":{"name":"Adaptaciones","link":"https:\/\/restaurantdelamente.com\/portal\/category\/adaptaciones\/"}},"tags_names":{"428":{"name":"Boogeyman","link":"https:\/\/restaurantdelamente.com\/portal\/tag\/boogeyman\/"}},"comments_number":"0","wpmagazine_modules_lite_featured_media_urls":{"thumbnail":["https:\/\/restaurantdelamente.com\/portal\/wp-content\/uploads\/2022\/02\/81JQ7zUy5PL-150x150.jpg",150,150,true],"cvmm-medium":["https:\/\/restaurantdelamente.com\/portal\/wp-content\/uploads\/2022\/02\/81JQ7zUy5PL-300x300.jpg",300,300,true],"cvmm-medium-plus":["https:\/\/restaurantdelamente.com\/portal\/wp-content\/uploads\/2022\/02\/81JQ7zUy5PL-305x207.jpg",305,207,true],"cvmm-portrait":["https:\/\/restaurantdelamente.com\/portal\/wp-content\/uploads\/2022\/02\/81JQ7zUy5PL-400x600.jpg",400,600,true],"cvmm-medium-square":["https:\/\/restaurantdelamente.com\/portal\/wp-content\/uploads\/2022\/02\/81JQ7zUy5PL-600x600.jpg",600,600,true],"cvmm-large":["https:\/\/restaurantdelamente.com\/portal\/wp-content\/uploads\/2022\/02\/81JQ7zUy5PL-1024x1024.jpg",1024,1024,true],"cvmm-small":["https:\/\/restaurantdelamente.com\/portal\/wp-content\/uploads\/2022\/02\/81JQ7zUy5PL-130x95.jpg",130,95,true],"full":["https:\/\/restaurantdelamente.com\/portal\/wp-content\/uploads\/2022\/02\/81JQ7zUy5PL.jpg",1248,2064,false]},"jetpack_sharing_enabled":true,"_links":{"self":[{"href":"https:\/\/restaurantdelamente.com\/portal\/wp-json\/wp\/v2\/posts\/3606","targetHints":{"allow":["GET"]}}],"collection":[{"href":"https:\/\/restaurantdelamente.com\/portal\/wp-json\/wp\/v2\/posts"}],"about":[{"href":"https:\/\/restaurantdelamente.com\/portal\/wp-json\/wp\/v2\/types\/post"}],"author":[{"embeddable":true,"href":"https:\/\/restaurantdelamente.com\/portal\/wp-json\/wp\/v2\/users\/6"}],"replies":[{"embeddable":true,"href":"https:\/\/restaurantdelamente.com\/portal\/wp-json\/wp\/v2\/comments?post=3606"}],"version-history":[{"count":1,"href":"https:\/\/restaurantdelamente.com\/portal\/wp-json\/wp\/v2\/posts\/3606\/revisions"}],"predecessor-version":[{"id":3609,"href":"https:\/\/restaurantdelamente.com\/portal\/wp-json\/wp\/v2\/posts\/3606\/revisions\/3609"}],"wp:featuredmedia":[{"embeddable":true,"href":"https:\/\/restaurantdelamente.com\/portal\/wp-json\/wp\/v2\/media\/3608"}],"wp:attachment":[{"href":"https:\/\/restaurantdelamente.com\/portal\/wp-json\/wp\/v2\/media?parent=3606"}],"wp:term":[{"taxonomy":"category","embeddable":true,"href":"https:\/\/restaurantdelamente.com\/portal\/wp-json\/wp\/v2\/categories?post=3606"},{"taxonomy":"post_tag","embeddable":true,"href":"https:\/\/restaurantdelamente.com\/portal\/wp-json\/wp\/v2\/tags?post=3606"}],"curies":[{"name":"wp","href":"https:\/\/api.w.org\/{rel}","templated":true}]}}