{"id":117,"date":"2020-11-23T18:20:00","date_gmt":"2020-11-23T21:20:00","guid":{"rendered":"http:\/\/demo.mysterythemes.com\/news-portal\/?p=117"},"modified":"2020-12-01T11:24:47","modified_gmt":"2020-12-01T14:24:47","slug":"resena-serie-de-la-torre-oscura","status":"publish","type":"post","link":"https:\/\/restaurantdelamente.com\/portal\/2020\/11\/23\/resena-serie-de-la-torre-oscura\/","title":{"rendered":"\u00a1Vimos el episodio piloto de la serie de La Torre Oscura y te contamos todo!"},"content":{"rendered":"<p><span style=\"font-size: inherit;\">Despu\u00e9s de mucha negociaci\u00f3n e insistencia, logramos acceder al episodio piloto de la cancelada serie de LA TORRE OSCURA.<\/span><\/p>\n<p>En este video te contamos qu\u00e9 nos pareci\u00f3, y qu\u00e9 sucesos de la gran saga de Stephen King abarca este primer, y lamentablemente \u00fanico episodio.<\/p>\n\n\n<figure class=\"wp-block-embed-youtube aligncenter wp-block-embed is-type-video is-provider-youtube wp-embed-aspect-16-9 wp-has-aspect-ratio\"><div class=\"wp-block-embed__wrapper\">\n<div class=\"epyt-video-wrapper\"><div  id=\"_ytid_71756\"  width=\"640\" height=\"360\"  data-origwidth=\"640\" data-origheight=\"360\" data-facadesrc=\"https:\/\/www.youtube.com\/embed\/Bkp1IYUSSjw?enablejsapi=1&#038;autoplay=0&#038;cc_load_policy=0&#038;cc_lang_pref=&#038;iv_load_policy=1&#038;loop=0&#038;rel=1&#038;fs=1&#038;playsinline=0&#038;autohide=2&#038;theme=dark&#038;color=red&#038;controls=1&#038;\" class=\"__youtube_prefs__ epyt-facade epyt-is-override  no-lazyload\" data-epautoplay=\"1\" ><img decoding=\"async\" data-spai-excluded=\"true\" class=\"epyt-facade-poster skip-lazy\" loading=\"lazy\"  alt=\"YouTube player\"  src=\"https:\/\/i.ytimg.com\/vi\/Bkp1IYUSSjw\/maxresdefault.jpg\"  \/><button class=\"epyt-facade-play\" aria-label=\"Play\"><svg data-no-lazy=\"1\" height=\"100%\" version=\"1.1\" viewBox=\"0 0 68 48\" width=\"100%\"><path class=\"ytp-large-play-button-bg\" d=\"M66.52,7.74c-0.78-2.93-2.49-5.41-5.42-6.19C55.79,.13,34,0,34,0S12.21,.13,6.9,1.55 C3.97,2.33,2.27,4.81,1.48,7.74C0.06,13.05,0,24,0,24s0.06,10.95,1.48,16.26c0.78,2.93,2.49,5.41,5.42,6.19 C12.21,47.87,34,48,34,48s21.79-0.13,27.1-1.55c2.93-0.78,4.64-3.26,5.42-6.19C67.94,34.95,68,24,68,24S67.94,13.05,66.52,7.74z\" fill=\"#f00\"><\/path><path d=\"M 45,24 27,14 27,34\" fill=\"#fff\"><\/path><\/svg><\/button><\/div><\/div>\n<\/div><\/figure>\n\n\n\n<p><\/p>\n\n\n\n<p>Adem\u00e1s, Glenn Mazzara, showrunner de la serie, accedi\u00f3 a darnos una extensa entrevista en la que pudimos conocer todos los planes que ten\u00eda a cabo para la adaptaci\u00f3n de la saga de <a href=\"https:\/\/restaurantdelamente.com\/32-stephen-king-la-torre-oscura\" target=\"_blank\" rel=\"noreferrer noopener\">LA TORRE OSCURA<\/a> a la pantalla chica.<\/p>\n\n\n\n<p>Muy pronto, en un pr\u00f3ximo video, te vas a poder enterar de todo eso.<\/p>\n","protected":false},"excerpt":{"rendered":"<p>Despu\u00e9s de mucha negociaci\u00f3n e insistencia, logramos acceder al episodio piloto de la cancelada serie de LA TORRE OSCURA. En este video te contamos qu\u00e9 nos pareci\u00f3, y qu\u00e9 sucesos de la gran saga de Stephen King abarca este primer, y lamentablemente \u00fanico episodio. Adem\u00e1s, Glenn Mazzara, showrunner de la serie, accedi\u00f3 a darnos una [&hellip;]<\/p>\n","protected":false},"author":7,"featured_media":1898,"comment_status":"open","ping_status":"open","sticky":false,"template":"","format":"standard","meta":{"_jetpack_memberships_contains_paid_content":false,"footnotes":""},"categories":[213],"tags":[215,214,219,306],"class_list":["post-117","post","type-post","status-publish","format-standard","has-post-thumbnail","hentry","category-resenas","tag-glenn-mazzara","tag-la-torre-oscura","tag-stephen-king","tag-the-dark-tower"],"jetpack_featured_media_url":"https:\/\/restaurantdelamente.com\/portal\/wp-content\/uploads\/2017\/07\/miniatura_2.jpg","blog_post_layout_featured_media_urls":{"thumbnail":["https:\/\/restaurantdelamente.com\/portal\/wp-content\/uploads\/2017\/07\/miniatura_2-150x150.jpg",150,150,true],"full":["https:\/\/restaurantdelamente.com\/portal\/wp-content\/uploads\/2017\/07\/miniatura_2.jpg",1914,951,false]},"categories_names":{"213":{"name":"Rese\u00f1as","link":"https:\/\/restaurantdelamente.com\/portal\/category\/resenas\/"}},"tags_names":{"215":{"name":"Glenn Mazzara","link":"https:\/\/restaurantdelamente.com\/portal\/tag\/glenn-mazzara\/"},"214":{"name":"La Torre Oscura","link":"https:\/\/restaurantdelamente.com\/portal\/tag\/la-torre-oscura\/"},"219":{"name":"Stephen King","link":"https:\/\/restaurantdelamente.com\/portal\/tag\/stephen-king\/"},"306":{"name":"The Dark Tower","link":"https:\/\/restaurantdelamente.com\/portal\/tag\/the-dark-tower\/"}},"comments_number":"0","wpmagazine_modules_lite_featured_media_urls":{"thumbnail":["https:\/\/restaurantdelamente.com\/portal\/wp-content\/uploads\/2017\/07\/miniatura_2-150x150.jpg",150,150,true],"cvmm-medium":["https:\/\/restaurantdelamente.com\/portal\/wp-content\/uploads\/2017\/07\/miniatura_2-300x300.jpg",300,300,true],"cvmm-medium-plus":["https:\/\/restaurantdelamente.com\/portal\/wp-content\/uploads\/2017\/07\/miniatura_2-305x207.jpg",305,207,true],"cvmm-portrait":["https:\/\/restaurantdelamente.com\/portal\/wp-content\/uploads\/2017\/07\/miniatura_2-400x600.jpg",400,600,true],"cvmm-medium-square":["https:\/\/restaurantdelamente.com\/portal\/wp-content\/uploads\/2017\/07\/miniatura_2-600x600.jpg",600,600,true],"cvmm-large":["https:\/\/restaurantdelamente.com\/portal\/wp-content\/uploads\/2017\/07\/miniatura_2-1024x951.jpg",1024,951,true],"cvmm-small":["https:\/\/restaurantdelamente.com\/portal\/wp-content\/uploads\/2017\/07\/miniatura_2-130x95.jpg",130,95,true],"full":["https:\/\/restaurantdelamente.com\/portal\/wp-content\/uploads\/2017\/07\/miniatura_2.jpg",1914,951,false]},"jetpack_sharing_enabled":true,"_links":{"self":[{"href":"https:\/\/restaurantdelamente.com\/portal\/wp-json\/wp\/v2\/posts\/117","targetHints":{"allow":["GET"]}}],"collection":[{"href":"https:\/\/restaurantdelamente.com\/portal\/wp-json\/wp\/v2\/posts"}],"about":[{"href":"https:\/\/restaurantdelamente.com\/portal\/wp-json\/wp\/v2\/types\/post"}],"author":[{"embeddable":true,"href":"https:\/\/restaurantdelamente.com\/portal\/wp-json\/wp\/v2\/users\/7"}],"replies":[{"embeddable":true,"href":"https:\/\/restaurantdelamente.com\/portal\/wp-json\/wp\/v2\/comments?post=117"}],"version-history":[{"count":4,"href":"https:\/\/restaurantdelamente.com\/portal\/wp-json\/wp\/v2\/posts\/117\/revisions"}],"predecessor-version":[{"id":2147,"href":"https:\/\/restaurantdelamente.com\/portal\/wp-json\/wp\/v2\/posts\/117\/revisions\/2147"}],"wp:featuredmedia":[{"embeddable":true,"href":"https:\/\/restaurantdelamente.com\/portal\/wp-json\/wp\/v2\/media\/1898"}],"wp:attachment":[{"href":"https:\/\/restaurantdelamente.com\/portal\/wp-json\/wp\/v2\/media?parent=117"}],"wp:term":[{"taxonomy":"category","embeddable":true,"href":"https:\/\/restaurantdelamente.com\/portal\/wp-json\/wp\/v2\/categories?post=117"},{"taxonomy":"post_tag","embeddable":true,"href":"https:\/\/restaurantdelamente.com\/portal\/wp-json\/wp\/v2\/tags?post=117"}],"curies":[{"name":"wp","href":"https:\/\/api.w.org\/{rel}","templated":true}]}}